{"id":962,"date":"2012-04-09T11:41:30","date_gmt":"2012-04-09T09:41:30","guid":{"rendered":"http:\/\/www.moharen.se\/?p=962"},"modified":"2012-04-09T11:43:47","modified_gmt":"2012-04-09T09:43:47","slug":"milo-och-frejas-valpar","status":"publish","type":"post","link":"https:\/\/www.moharen.se\/?p=962","title":{"rendered":"Milo och Frejas valpar"},"content":{"rendered":"<p>Valparna efter Milo och Freja \u00e4r nu fyra veckor och vi var f\u00f6rbi och tittade p\u00e5 dom ig\u00e5r. Ser ut att bli en j\u00e4mn fin kull. Vilken det blir som min bror v\u00e4ljer f\u00e5r vi se om n\u00e5gra veckor. Freja \u00e4r v\u00e4ldigt duktig med sina valpar och pysslar om dom p\u00e5 ett bra s\u00e4tt.<\/p>\n<p><img decoding=\"async\" loading=\"lazy\" class=\"alignnone size-medium wp-image-952\" title=\"IMG_0178\" src=\"http:\/\/www.moharen.se\/wp-content\/uploads\/2012\/04\/IMG_0178-500x306.jpg\" alt=\"\" width=\"500\" height=\"306\" srcset=\"https:\/\/www.moharen.se\/wp-content\/uploads\/2012\/04\/IMG_0178-500x306.jpg 500w, https:\/\/www.moharen.se\/wp-content\/uploads\/2012\/04\/IMG_0178.jpg 900w\" sizes=\"(max-width: 500px) 100vw, 500px\" \/><\/p>\n<p><img decoding=\"async\" loading=\"lazy\" class=\"alignnone size-medium wp-image-954\" title=\"IMG_0182\" src=\"http:\/\/www.moharen.se\/wp-content\/uploads\/2012\/04\/IMG_0182-500x322.jpg\" alt=\"\" width=\"500\" height=\"322\" srcset=\"https:\/\/www.moharen.se\/wp-content\/uploads\/2012\/04\/IMG_0182-500x322.jpg 500w, https:\/\/www.moharen.se\/wp-content\/uploads\/2012\/04\/IMG_0182.jpg 900w\" sizes=\"(max-width: 500px) 100vw, 500px\" \/><\/p>\n<p><img decoding=\"async\" loading=\"lazy\" class=\"alignnone size-medium wp-image-953\" title=\"IMG_0181\" src=\"http:\/\/www.moharen.se\/wp-content\/uploads\/2012\/04\/IMG_0181-500x276.jpg\" alt=\"\" width=\"500\" height=\"276\" srcset=\"https:\/\/www.moharen.se\/wp-content\/uploads\/2012\/04\/IMG_0181-500x276.jpg 500w, https:\/\/www.moharen.se\/wp-content\/uploads\/2012\/04\/IMG_0181.jpg 900w\" sizes=\"(max-width: 500px) 100vw, 500px\" \/><\/p>\n<p><img decoding=\"async\" loading=\"lazy\" class=\"alignnone size-medium wp-image-955\" title=\"IMG_0857\" src=\"http:\/\/www.moharen.se\/wp-content\/uploads\/2012\/04\/IMG_0857-500x353.jpg\" alt=\"\" width=\"500\" height=\"353\" srcset=\"https:\/\/www.moharen.se\/wp-content\/uploads\/2012\/04\/IMG_0857-500x353.jpg 500w, https:\/\/www.moharen.se\/wp-content\/uploads\/2012\/04\/IMG_0857.jpg 900w\" sizes=\"(max-width: 500px) 100vw, 500px\" \/><\/p>\n","protected":false},"excerpt":{"rendered":"<p>Valparna efter Milo och Freja \u00e4r nu fyra veckor och vi var f\u00f6rbi och tittade p\u00e5 dom ig\u00e5r. Ser ut att bli en j\u00e4mn fin kull. Vilken det blir som min bror v\u00e4ljer f\u00e5r vi se om n\u00e5gra veckor. Freja \u00e4r v\u00e4ldigt duktig med sina valpar och pysslar om dom p\u00e5 ett bra s\u00e4tt.<\/p>\n","protected":false},"author":2,"featured_media":0,"comment_status":"open","ping_status":"open","sticky":false,"template":"","format":"standard","meta":{"_mi_skip_tracking":false,"ngg_post_thumbnail":0},"categories":[5],"tags":[],"_links":{"self":[{"href":"https:\/\/www.moharen.se\/index.php?rest_route=\/wp\/v2\/posts\/962"}],"collection":[{"href":"https:\/\/www.moharen.se\/index.php?rest_route=\/wp\/v2\/posts"}],"about":[{"href":"https:\/\/www.moharen.se\/index.php?rest_route=\/wp\/v2\/types\/post"}],"author":[{"embeddable":true,"href":"https:\/\/www.moharen.se\/index.php?rest_route=\/wp\/v2\/users\/2"}],"replies":[{"embeddable":true,"href":"https:\/\/www.moharen.se\/index.php?rest_route=%2Fwp%2Fv2%2Fcomments&post=962"}],"version-history":[{"count":4,"href":"https:\/\/www.moharen.se\/index.php?rest_route=\/wp\/v2\/posts\/962\/revisions"}],"predecessor-version":[{"id":967,"href":"https:\/\/www.moharen.se\/index.php?rest_route=\/wp\/v2\/posts\/962\/revisions\/967"}],"wp:attachment":[{"href":"https:\/\/www.moharen.se\/index.php?rest_route=%2Fwp%2Fv2%2Fmedia&parent=962"}],"wp:term":[{"taxonomy":"category","embeddable":true,"href":"https:\/\/www.moharen.se\/index.php?rest_route=%2Fwp%2Fv2%2Fcategories&post=962"},{"taxonomy":"post_tag","embeddable":true,"href":"https:\/\/www.moharen.se\/index.php?rest_route=%2Fwp%2Fv2%2Ftags&post=962"}],"curies":[{"name":"wp","href":"https:\/\/api.w.org\/{rel}","templated":true}]}}