{"id":2348,"date":"2020-01-06T13:06:46","date_gmt":"2020-01-06T12:06:46","guid":{"rendered":"http:\/\/www.moharen.se\/?p=2348"},"modified":"2020-01-22T10:09:24","modified_gmt":"2020-01-22T09:09:24","slug":"jaktprov-i-norge","status":"publish","type":"post","link":"https:\/\/www.moharen.se\/?p=2348","title":{"rendered":"Nytt championat f\u00f6r Lunnsa"},"content":{"rendered":"\n<p>I mitten av december var jag och Lunnsa \u00f6ver till Norge f\u00f6r att g\u00e5 jaktprov och f\u00f6rs\u00f6ka n\u00e5 det norska jaktchampionatet. I Norge kr\u00e4vs det ett tv\u00e5dagarsprov f\u00f6r att bli jaktchampion och totalpo\u00e4ngen f\u00f6r tv\u00e5 dagar m\u00e5ste komma upp i minst 140 po\u00e4ng.<\/p>\n\n\n\n<figure class=\"wp-block-image\"><img decoding=\"async\" loading=\"lazy\" width=\"1024\" height=\"587\" src=\"http:\/\/www.moharen.se\/wp-content\/uploads\/2020\/01\/tk-lunnsa-1024x587.jpeg\" alt=\"\" class=\"wp-image-2357\" srcset=\"https:\/\/www.moharen.se\/wp-content\/uploads\/2020\/01\/tk-lunnsa-1024x587.jpeg 1024w, https:\/\/www.moharen.se\/wp-content\/uploads\/2020\/01\/tk-lunnsa-500x287.jpeg 500w, https:\/\/www.moharen.se\/wp-content\/uploads\/2020\/01\/tk-lunnsa-768x440.jpeg 768w, https:\/\/www.moharen.se\/wp-content\/uploads\/2020\/01\/tk-lunnsa-624x358.jpeg 624w\" sizes=\"(max-width: 1024px) 100vw, 1024px\" \/><figcaption>N\u00f6jd husse med jaktmaskinen Lunnsa<\/figcaption><\/figure>\n\n\n\n<p>F\u00f6rsta dagen bj\u00f6d p\u00e5 ett f\u00f6re med gammal sn\u00f6 som bitvis var ganska h\u00e5rd. Lunnsa verkade lite konfunderad f\u00f6rst d\u00e5 hon kom l\u00f6s i den ovana f\u00f6ret. Men efter en kort stund drog hon ut i en s\u00f6krunda och efter en stund kom upptaget som stod fast direkt. Som vanligt s\u00e5 \u00e4r husse nerv\u00f6s \u00e4ven om jag vet att Lunnsa inte sviker och st\u00e5ndfast \u00e4r hon definitivt :)<\/p>\n\n\n\n<p>Provet fortsatte bra och efter 300 minuter \u00e4lgarbete \u00e5terstod bara den lilla detaljen att f\u00e5 Lunnsa att sluta. Hon fick helt enkelt avg\u00f6ra sj\u00e4lv och efter tv\u00e5 timmar sk\u00e4llning i m\u00f6rker s\u00e5 gav hon sig och kom tillbaka till en n\u00f6jd husse.<\/p>\n\n\n\n<p>Andra dagen och lite \u00f6mma tassar. Men inom en timme var det full sk\u00e4llning och inga tveksamheter fr\u00e5n Lunnsa. Fast i upptaget och sedan fl\u00f6t det p\u00e5 med st\u00f6tningar och \u00e4lgkontakter. Det som inte fungerar med henne \u00e4r inkallning s\u00e5 efter \u00e4nnu en dag med 300 minuter \u00e4lgarbete s\u00e5 \u00e5terstod bara v\u00e4ntan p\u00e5 att hon skulle ge sig. \u00c4ven dag tv\u00e5 s\u00e5 kom hon efter ett par timmar sk\u00e4llning i m\u00f6rker.<\/p>\n\n\n\n<p>Kan s\u00e4ga att det var en mycket n\u00f6jd husse som satte sig i bilen f\u00f6r resan hem\u00e5t. Ett stort tack ocks\u00e5 till domare och Oslo-omr\u00e5dets Elghundklubb som tog emot och ordnade dessa provdagar p\u00e5 b\u00e4sta s\u00e4tt.<\/p>\n\n\n\n<p>Lite extra kul ocks\u00e5 att Peter Jansson var med och startade kullsystern, S\u00f6romb\u00e4ckens Lilly vid samma prov. \u00c4ven Lilly gjorde fina provdagar och k\u00e4mpade ihop till f\u00f6rstapris b\u00e4gge dagarna.<\/p>\n\n\n\n<p>Proven har nu g\u00e5tt genom kollegiet och Lunnsa tilldelades 83,5 po\u00e4ng f\u00f6rsta dagen och 80,5 andra dagen, 164 po\u00e4ng totalt. D\u00e4rmed kan vi ut\u00f6ka titelraden till SE J(L\u00f6)CH NO JCH<\/p>\n\n\n\n<figure class=\"wp-block-image\"><img decoding=\"async\" loading=\"lazy\" width=\"1024\" height=\"768\" src=\"http:\/\/www.moharen.se\/wp-content\/uploads\/2020\/01\/N-nURECR-1024x768.jpeg\" alt=\"\" class=\"wp-image-2349\" srcset=\"https:\/\/www.moharen.se\/wp-content\/uploads\/2020\/01\/N-nURECR-1024x768.jpeg 1024w, https:\/\/www.moharen.se\/wp-content\/uploads\/2020\/01\/N-nURECR-500x375.jpeg 500w, https:\/\/www.moharen.se\/wp-content\/uploads\/2020\/01\/N-nURECR-768x576.jpeg 768w, https:\/\/www.moharen.se\/wp-content\/uploads\/2020\/01\/N-nURECR-624x468.jpeg 624w, https:\/\/www.moharen.se\/wp-content\/uploads\/2020\/01\/N-nURECR.jpeg 2048w\" sizes=\"(max-width: 1024px) 100vw, 1024px\" \/><figcaption>S\u00f6romb\u00e4ckens Lunnsa fixade tv\u00e5 f\u00f6rstapris vid jaktprov i Norge. Kalven p\u00e5 bilden \u00e4r dock fr\u00e5n ett annat tillf\u00e4lle n\u00e4r husse fick n\u00f6jet att f\u00e4lla en kalv f\u00f6r henne p\u00e5 fast st\u00e5nd.<\/figcaption><\/figure>\n","protected":false},"excerpt":{"rendered":"<p>I mitten av december var jag och Lunnsa \u00f6ver till Norge f\u00f6r att g\u00e5 jaktprov och f\u00f6rs\u00f6ka n\u00e5 det norska jaktchampionatet. I Norge kr\u00e4vs det ett tv\u00e5dagarsprov f\u00f6r att bli jaktchampion och totalpo\u00e4ngen f\u00f6r tv\u00e5 dagar m\u00e5ste komma upp i minst 140 po\u00e4ng. F\u00f6rsta dagen bj\u00f6d p\u00e5 ett f\u00f6re med gammal sn\u00f6 som bitvis var [&hellip;]<\/p>\n","protected":false},"author":2,"featured_media":0,"comment_status":"closed","ping_status":"open","sticky":false,"template":"","format":"standard","meta":{"_mi_skip_tracking":false,"ngg_post_thumbnail":0},"categories":[5],"tags":[],"_links":{"self":[{"href":"https:\/\/www.moharen.se\/index.php?rest_route=\/wp\/v2\/posts\/2348"}],"collection":[{"href":"https:\/\/www.moharen.se\/index.php?rest_route=\/wp\/v2\/posts"}],"about":[{"href":"https:\/\/www.moharen.se\/index.php?rest_route=\/wp\/v2\/types\/post"}],"author":[{"embeddable":true,"href":"https:\/\/www.moharen.se\/index.php?rest_route=\/wp\/v2\/users\/2"}],"replies":[{"embeddable":true,"href":"https:\/\/www.moharen.se\/index.php?rest_route=%2Fwp%2Fv2%2Fcomments&post=2348"}],"version-history":[{"count":7,"href":"https:\/\/www.moharen.se\/index.php?rest_route=\/wp\/v2\/posts\/2348\/revisions"}],"predecessor-version":[{"id":2362,"href":"https:\/\/www.moharen.se\/index.php?rest_route=\/wp\/v2\/posts\/2348\/revisions\/2362"}],"wp:attachment":[{"href":"https:\/\/www.moharen.se\/index.php?rest_route=%2Fwp%2Fv2%2Fmedia&parent=2348"}],"wp:term":[{"taxonomy":"category","embeddable":true,"href":"https:\/\/www.moharen.se\/index.php?rest_route=%2Fwp%2Fv2%2Fcategories&post=2348"},{"taxonomy":"post_tag","embeddable":true,"href":"https:\/\/www.moharen.se\/index.php?rest_route=%2Fwp%2Fv2%2Ftags&post=2348"}],"curies":[{"name":"wp","href":"https:\/\/api.w.org\/{rel}","templated":true}]}}