{"id":1551,"date":"2014-03-16T20:46:35","date_gmt":"2014-03-16T19:46:35","guid":{"rendered":"http:\/\/www.moharen.se\/?p=1551"},"modified":"2014-03-16T20:46:35","modified_gmt":"2014-03-16T19:46:35","slug":"en-sorglig-dag","status":"publish","type":"post","link":"https:\/\/www.moharen.se\/?p=1551","title":{"rendered":"En sorglig dag"},"content":{"rendered":"<p>Tisdag morgon, full fart och iv\u00e4g p\u00e5 jobb. Som vanligt fixade Carina med hundarna efter att Jimmy \u00e5kt till skolan. Rastning i tr\u00e4dg\u00e5rden, mat och lite senare en l\u00e4ngre promenad i skogen. Selma, strax \u00f6ver \u00e5tta \u00e5r, har hela tiden sett v\u00e4ldigt pigg och fr\u00e4sch ut. Full fart b\u00e5de hemma och i skogen och s\u00e5 ocks\u00e5 denna dag. Men under promenaden h\u00e4nder det som kan beskrivas som en riktig mardr\u00f6m f\u00f6r en hund\u00e4gare.<\/p>\n<p>Det som ser ut som om hon ska l\u00e4gga sig ner och rulla sig blir ist\u00e4llet till det sista hon g\u00f6r. Lika levande som hon var sekunden tidigare, lika d\u00f6d \u00e4r hon i n\u00e4sta \u00f6gonblick. Som att sl\u00e4cka lyset med en str\u00f6mbrytare slutar hon sitt hundliv medan Carina h\u00e5ller i kopplet och upplever det som man inte \u00f6nskar att n\u00e5gon hund\u00e4gare ska beh\u00f6va uppleva.<\/p>\n<p>Vad som orsakade Selmas pl\u00f6tsliga d\u00f6d kan man bara spekulera i. Hon dog i skogen under en normal promenad i koppel. Inget f\u00f6re tydde p\u00e5 n\u00e5gra problem. Det blev en dag med t\u00e5rar. Sorgligt att b\u00e4ra en av sina hundar ut ur skogen. Vi begravde henne p\u00e5 Carinas blomster\u00e4ng och d\u00e4r f\u00e5r hon nu vila.<\/p>\n<p>Kanske blir det snart nya valptassar som h\u00f6rs mot k\u00f6ksgolvet, men Selma kommer \u00e4nd\u00e5 att finnas d\u00e4r p\u00e5 n\u00e5got s\u00e4tt.<\/p>\n<p><img decoding=\"async\" loading=\"lazy\" class=\"alignnone  wp-image-1552\" alt=\"selma1\" src=\"http:\/\/www.moharen.se\/wp-content\/uploads\/2014\/03\/selma1-1024x660.jpg\" width=\"546\" height=\"352\" srcset=\"https:\/\/www.moharen.se\/wp-content\/uploads\/2014\/03\/selma1-1024x660.jpg 1024w, https:\/\/www.moharen.se\/wp-content\/uploads\/2014\/03\/selma1-500x322.jpg 500w, https:\/\/www.moharen.se\/wp-content\/uploads\/2014\/03\/selma1.jpg 1500w\" sizes=\"(max-width: 546px) 100vw, 546px\" \/><\/p>\n<p>Carina har skrivit n\u00e5gra rader p\u00e5 sin blogg om denna ledsamma dag, f\u00f6r den som vill l\u00e4sa, <a href=\"http:\/\/skogslycka.wordpress.com\/2014\/03\/16\/hundens-sista-dag\/\" target=\"_blank\">klicka h\u00e4r.<\/a><\/p>\n","protected":false},"excerpt":{"rendered":"<p>Tisdag morgon, full fart och iv\u00e4g p\u00e5 jobb. Som vanligt fixade Carina med hundarna efter att Jimmy \u00e5kt till skolan. Rastning i tr\u00e4dg\u00e5rden, mat och lite senare en l\u00e4ngre promenad i skogen. Selma, strax \u00f6ver \u00e5tta \u00e5r, har hela tiden sett v\u00e4ldigt pigg och fr\u00e4sch ut. Full fart b\u00e5de hemma och i skogen och s\u00e5 [&hellip;]<\/p>\n","protected":false},"author":2,"featured_media":0,"comment_status":"open","ping_status":"open","sticky":false,"template":"","format":"standard","meta":{"_mi_skip_tracking":false,"ngg_post_thumbnail":0},"categories":[5],"tags":[],"_links":{"self":[{"href":"https:\/\/www.moharen.se\/index.php?rest_route=\/wp\/v2\/posts\/1551"}],"collection":[{"href":"https:\/\/www.moharen.se\/index.php?rest_route=\/wp\/v2\/posts"}],"about":[{"href":"https:\/\/www.moharen.se\/index.php?rest_route=\/wp\/v2\/types\/post"}],"author":[{"embeddable":true,"href":"https:\/\/www.moharen.se\/index.php?rest_route=\/wp\/v2\/users\/2"}],"replies":[{"embeddable":true,"href":"https:\/\/www.moharen.se\/index.php?rest_route=%2Fwp%2Fv2%2Fcomments&post=1551"}],"version-history":[{"count":4,"href":"https:\/\/www.moharen.se\/index.php?rest_route=\/wp\/v2\/posts\/1551\/revisions"}],"predecessor-version":[{"id":1556,"href":"https:\/\/www.moharen.se\/index.php?rest_route=\/wp\/v2\/posts\/1551\/revisions\/1556"}],"wp:attachment":[{"href":"https:\/\/www.moharen.se\/index.php?rest_route=%2Fwp%2Fv2%2Fmedia&parent=1551"}],"wp:term":[{"taxonomy":"category","embeddable":true,"href":"https:\/\/www.moharen.se\/index.php?rest_route=%2Fwp%2Fv2%2Fcategories&post=1551"},{"taxonomy":"post_tag","embeddable":true,"href":"https:\/\/www.moharen.se\/index.php?rest_route=%2Fwp%2Fv2%2Ftags&post=1551"}],"curies":[{"name":"wp","href":"https:\/\/api.w.org\/{rel}","templated":true}]}}