{"id":721,"date":"2011-08-31T09:24:12","date_gmt":"2011-08-31T07:24:12","guid":{"rendered":"http:\/\/www.moharen.se\/?p=721"},"modified":"2011-08-31T09:24:12","modified_gmt":"2011-08-31T07:24:12","slug":"dags-for-uppryckning","status":"publish","type":"post","link":"http:\/\/www.moharen.se\/?p=721","title":{"rendered":"Dags f\u00f6r uppryckning!"},"content":{"rendered":"<p>Man f\u00e5r lite d\u00e5ligt samvete f\u00f6r bristen p\u00e5 uppdateringar i bloggen\/hemsidan men nu f\u00e5r det bli b\u00e4ttring! \u00c4ven om det varit sommar och l\u00e5gs\u00e4song s\u00e5 har det ju h\u00e4nt en del, b\u00e5de positivt och negativt. Det negativa f\u00f6rs\u00f6ker vi l\u00e4gga \u00e5t sidan och tar ist\u00e4llet tillvara p\u00e5 vardagens ljusglimtar.<\/p>\n<p>Ska skriva n\u00e5gra inl\u00e4gg och publicera dom h\u00e4r. Fj\u00e4llvandring, hundtr\u00e4ning, bj\u00f6rnjakt och SM-uttagning \u00e4r lite av vad som h\u00e4nt senaste m\u00e5naden och nu stundar ju \u00e4lgjakten s\u00e5 visst k\u00e4nns det positivt!<\/p>\n<div id=\"attachment_722\" style=\"width: 510px\" class=\"wp-caption alignnone\"><img aria-describedby=\"caption-attachment-722\" decoding=\"async\" loading=\"lazy\" class=\"size-medium wp-image-722\" title=\"fjall1\" src=\"http:\/\/www.moharen.se\/wp-content\/uploads\/2011\/08\/fjall1-500x248.jpg\" alt=\"\" width=\"500\" height=\"248\" srcset=\"http:\/\/www.moharen.se\/wp-content\/uploads\/2011\/08\/fjall1-500x248.jpg 500w, http:\/\/www.moharen.se\/wp-content\/uploads\/2011\/08\/fjall1.jpg 800w\" sizes=\"(max-width: 500px) 100vw, 500px\" \/><p id=\"caption-attachment-722\" class=\"wp-caption-text\">Ett smakprov fr\u00e5n v\u00e5ra h\u00e4rliga dagar i J\u00e4mtland och V\u00e4sterbotten.<\/p><\/div>\n","protected":false},"excerpt":{"rendered":"<p>Man f\u00e5r lite d\u00e5ligt samvete f\u00f6r bristen p\u00e5 uppdateringar i bloggen\/hemsidan men nu f\u00e5r det bli b\u00e4ttring! \u00c4ven om det varit sommar och l\u00e5gs\u00e4song s\u00e5 har det ju h\u00e4nt en del, b\u00e5de positivt och negativt. Det negativa f\u00f6rs\u00f6ker vi l\u00e4gga \u00e5t sidan och tar ist\u00e4llet tillvara p\u00e5 vardagens ljusglimtar. Ska skriva n\u00e5gra inl\u00e4gg och publicera [&hellip;]<\/p>\n","protected":false},"author":2,"featured_media":0,"comment_status":"open","ping_status":"open","sticky":false,"template":"","format":"standard","meta":{"_mi_skip_tracking":false,"ngg_post_thumbnail":0},"categories":[5],"tags":[],"_links":{"self":[{"href":"http:\/\/www.moharen.se\/index.php?rest_route=\/wp\/v2\/posts\/721"}],"collection":[{"href":"http:\/\/www.moharen.se\/index.php?rest_route=\/wp\/v2\/posts"}],"about":[{"href":"http:\/\/www.moharen.se\/index.php?rest_route=\/wp\/v2\/types\/post"}],"author":[{"embeddable":true,"href":"http:\/\/www.moharen.se\/index.php?rest_route=\/wp\/v2\/users\/2"}],"replies":[{"embeddable":true,"href":"http:\/\/www.moharen.se\/index.php?rest_route=%2Fwp%2Fv2%2Fcomments&post=721"}],"version-history":[{"count":1,"href":"http:\/\/www.moharen.se\/index.php?rest_route=\/wp\/v2\/posts\/721\/revisions"}],"predecessor-version":[{"id":723,"href":"http:\/\/www.moharen.se\/index.php?rest_route=\/wp\/v2\/posts\/721\/revisions\/723"}],"wp:attachment":[{"href":"http:\/\/www.moharen.se\/index.php?rest_route=%2Fwp%2Fv2%2Fmedia&parent=721"}],"wp:term":[{"taxonomy":"category","embeddable":true,"href":"http:\/\/www.moharen.se\/index.php?rest_route=%2Fwp%2Fv2%2Fcategories&post=721"},{"taxonomy":"post_tag","embeddable":true,"href":"http:\/\/www.moharen.se\/index.php?rest_route=%2Fwp%2Fv2%2Ftags&post=721"}],"curies":[{"name":"wp","href":"https:\/\/api.w.org\/{rel}","templated":true}]}}