{"id":711,"date":"2011-06-23T22:04:10","date_gmt":"2011-06-23T20:04:10","guid":{"rendered":"http:\/\/www.moharen.se\/?p=711"},"modified":"2011-06-23T22:04:37","modified_gmt":"2011-06-23T20:04:37","slug":"711","status":"publish","type":"post","link":"http:\/\/www.moharen.se\/?p=711","title":{"rendered":"Svensk midsommar, en hednisk tradition?"},"content":{"rendered":"<p>I morgon \u00e4r det dags f\u00f6r det m\u00e5nga vill ha till Sveriges nationaldag, midsommarafton!<\/p>\n<div id=\"attachment_712\" style=\"width: 510px\" class=\"wp-caption alignnone\"><img aria-describedby=\"caption-attachment-712\" decoding=\"async\" loading=\"lazy\" class=\"size-medium wp-image-712\" title=\"midsommar1\" src=\"http:\/\/www.moharen.se\/wp-content\/uploads\/2011\/06\/midsommar1-500x213.jpg\" alt=\"\" width=\"500\" height=\"213\" srcset=\"http:\/\/www.moharen.se\/wp-content\/uploads\/2011\/06\/midsommar1-500x213.jpg 500w, http:\/\/www.moharen.se\/wp-content\/uploads\/2011\/06\/midsommar1.jpg 900w\" sizes=\"(max-width: 500px) 100vw, 500px\" \/><p id=\"caption-attachment-712\" class=\"wp-caption-text\">Svensk midsommarfirandet med dans kring den l\u00f6vade st\u00e5ngen.<\/p><\/div>\n<p>Historiskt sett s\u00e5 \u00e4r firandet av sommarsolst\u00e5ndet egentligen ett hedniskt beteende och d\u00e5 troligen i n\u00e5gon form av offerfest.<br \/>\nDet folkliga firandet har f\u00f6rmodligen sitt ursprung n\u00e5gon g\u00e5ng p\u00e5 1300-talet d\u00e5 n\u00e5gra Nunnor s\u00f6kte d\u00e4mpa det st\u00f6kiga firandet med mer ordnade folkliga festligheter.<\/p>\n<p>Men 1425 fick en \u00e4rkebiskop i Lund nog och f\u00f6rbj\u00f6d midsommarvakorna. Kyrkan f\u00f6rs\u00f6kte dessutom d\u00e4mpa det ogudaktiga firandet genom att f\u00f6rl\u00e4gga Johannes d\u00f6parens dag just vid detta skede och ist\u00e4llet p\u00e5st\u00e5 att det var hans f\u00f6delse som skulle firas.<\/p>\n<p>S\u00e5 h\u00e4r i efterhand kan vi nog konstatera att kyrkans p\u00e5hitt med att hindra folkets firande av sommarsolst\u00e5ndet inte blev s\u00e5 framg\u00e5ngsrik. V\u00e5gar till och med p\u00e5st\u00e5 att det g\u00e5r sk\u00f6nja visst hedniskt beteende hos vissa s\u00e5 h\u00e4r vid firandets stora stund.<\/p>\n<p>F\u00f6r familjens del s\u00e5 \u00e4r detta en trevlig dag som firas med sill och potatis till lunch. D\u00e4refter traditionellt firande vid samlingsplatsen i byn. Kl\u00e4 midsommarst\u00e5ngen, fika och tipspromenad. Brukar allt som ofta vara mycket trevligt d\u00e5 man tr\u00e4ffar b\u00e5de de som bor i byn men ocks\u00e5 en hel del folk som inte \u00e4r i hembygden s\u00e5 ofta.<\/p>\n<p>P\u00e5 kv\u00e4llen \u00e4r det sedan dags f\u00f6r v\u00e5r variant offerfest. En riktig matfest d\u00e4r menyn kan beskrivas med k\u00f6tt, k\u00f6tt, k\u00f6tt, k\u00f6tt, k\u00f6tt, lite sallad och jordgubbst\u00e5rta till efterr\u00e4tt. God mat och dryck som f\u00f6rt\u00e4res i h\u00e4rliga v\u00e4nners s\u00e4llskap. S\u00e5dana traditioner ska man vara r\u00e4dd om, s\u00e4rskilt om de kan klassas som lite hedniska.<\/p>\n<p>En riktigt h\u00e4rlig midsommar \u00f6nskar vi er alla!<\/p>\n","protected":false},"excerpt":{"rendered":"<p>I morgon \u00e4r det dags f\u00f6r det m\u00e5nga vill ha till Sveriges nationaldag, midsommarafton! Historiskt sett s\u00e5 \u00e4r firandet av sommarsolst\u00e5ndet egentligen ett hedniskt beteende och d\u00e5 troligen i n\u00e5gon form av offerfest. Det folkliga firandet har f\u00f6rmodligen sitt ursprung n\u00e5gon g\u00e5ng p\u00e5 1300-talet d\u00e5 n\u00e5gra Nunnor s\u00f6kte d\u00e4mpa det st\u00f6kiga firandet med mer ordnade [&hellip;]<\/p>\n","protected":false},"author":2,"featured_media":0,"comment_status":"open","ping_status":"open","sticky":false,"template":"","format":"standard","meta":{"_mi_skip_tracking":false,"ngg_post_thumbnail":0},"categories":[5],"tags":[],"_links":{"self":[{"href":"http:\/\/www.moharen.se\/index.php?rest_route=\/wp\/v2\/posts\/711"}],"collection":[{"href":"http:\/\/www.moharen.se\/index.php?rest_route=\/wp\/v2\/posts"}],"about":[{"href":"http:\/\/www.moharen.se\/index.php?rest_route=\/wp\/v2\/types\/post"}],"author":[{"embeddable":true,"href":"http:\/\/www.moharen.se\/index.php?rest_route=\/wp\/v2\/users\/2"}],"replies":[{"embeddable":true,"href":"http:\/\/www.moharen.se\/index.php?rest_route=%2Fwp%2Fv2%2Fcomments&post=711"}],"version-history":[{"count":3,"href":"http:\/\/www.moharen.se\/index.php?rest_route=\/wp\/v2\/posts\/711\/revisions"}],"predecessor-version":[{"id":715,"href":"http:\/\/www.moharen.se\/index.php?rest_route=\/wp\/v2\/posts\/711\/revisions\/715"}],"wp:attachment":[{"href":"http:\/\/www.moharen.se\/index.php?rest_route=%2Fwp%2Fv2%2Fmedia&parent=711"}],"wp:term":[{"taxonomy":"category","embeddable":true,"href":"http:\/\/www.moharen.se\/index.php?rest_route=%2Fwp%2Fv2%2Fcategories&post=711"},{"taxonomy":"post_tag","embeddable":true,"href":"http:\/\/www.moharen.se\/index.php?rest_route=%2Fwp%2Fv2%2Ftags&post=711"}],"curies":[{"name":"wp","href":"https:\/\/api.w.org\/{rel}","templated":true}]}}