{"id":2479,"date":"2021-09-28T13:10:23","date_gmt":"2021-09-28T11:10:23","guid":{"rendered":"http:\/\/www.moharen.se\/?p=2479"},"modified":"2021-09-28T13:10:23","modified_gmt":"2021-09-28T11:10:23","slug":"dramm-klar-for-alghund-sm-2022","status":"publish","type":"post","link":"http:\/\/www.moharen.se\/?p=2479","title":{"rendered":"Dramm klar f\u00f6r \u00c4lghund-SM 2022"},"content":{"rendered":"\n<figure class=\"wp-block-image\"><img decoding=\"async\" loading=\"lazy\" width=\"1024\" height=\"774\" src=\"http:\/\/www.moharen.se\/wp-content\/uploads\/2021\/09\/1-km-2021-Ted-Karlsson-1024x774.jpg\" alt=\"\" class=\"wp-image-2480\" srcset=\"http:\/\/www.moharen.se\/wp-content\/uploads\/2021\/09\/1-km-2021-Ted-Karlsson-1024x774.jpg 1024w, http:\/\/www.moharen.se\/wp-content\/uploads\/2021\/09\/1-km-2021-Ted-Karlsson-500x378.jpg 500w, http:\/\/www.moharen.se\/wp-content\/uploads\/2021\/09\/1-km-2021-Ted-Karlsson-768x581.jpg 768w, http:\/\/www.moharen.se\/wp-content\/uploads\/2021\/09\/1-km-2021-Ted-Karlsson-624x472.jpg 624w\" sizes=\"(max-width: 1024px) 100vw, 1024px\" \/><figcaption>Klubbm\u00e4stare 2021 och klar f\u00f6r \u00e4lghund-SM 2022. Foto: Bengt-Henry Bergqvist<\/figcaption><\/figure>\n\n\n\n<p>Femte g\u00e5ngen gillt, kan man s\u00e4ga. F\u00f6r det var faktiskt femte g\u00e5ngen som jag var i med i Klubbm\u00e4sterskapet och tillika SM-kval men det var f\u00f6rsta g\u00e5ngen det r\u00e4ckte hela v\u00e4gen. Tv\u00e5 g\u00e5nger kvalade jag och min bror in med v\u00e5r hane Fisktj\u00e4rnlidens Blixten. Sedan har jag kvalat in med b\u00e5de Enja och Lunnsa och b\u00e4sta placering hittills var en andraplats med Enja 2017.<\/p>\n\n\n\n<p>L\u00f6rdagens jaktprov blev allts\u00e5 en riktig h\u00f6jdare. Redan vid lottningen av provrutorna p\u00e5 fredagen h\u00f6jdes pulsen och f\u00f6rv\u00e4ntningarna d\u00e5 v\u00e4gvisare kunde meddela att det fanns bra med \u00e4lg p\u00e5 markerna. Lagom nerv\u00f6s, som vanligt n\u00e4r jag ska g\u00e5 prov, s\u00e5 sl\u00e4pptes Dramm p\u00e5 utsatt tid. Direkt iv\u00e4g och gjorde sina morgonbestyr, invallning under s\u00f6k och sedan ut p\u00e5 en rej\u00e4l s\u00f6ktur. Drygt 900 meter ut som l\u00e4ngst och tillbaka i r\u00e4tt tid f\u00f6r att erh\u00e5lla fina po\u00e4ng p\u00e5 s\u00f6ket. Andra s\u00f6kturen resulterar i ett upptag som st\u00e5r fast! <\/p>\n\n\n\n<p>F\u00f6rutom en f\u00f6rflyttning p\u00e5 f\u00f6rsta st\u00e5ndplatsen s\u00e5 kan man nog s\u00e4ga att det mesta gick helt suver\u00e4nt. Lyckades \u00e4ven med en inkallning under provet vilket f\u00f6rst\u00e5s hj\u00e4lper till att h\u00f6ja po\u00e4ngen. Vid kollegiet fastslogs att dagens prov r\u00e4ckte till ett f\u00f6rstapris med mycket fina 87 po\u00e4ng.<br>Dramm hade dock v\u00e4ldigt roligt med den stora tjur som han sk\u00e4llde s\u00e5 han h\u00f6ll p\u00e5 ett bra tag extra. 9,5 timmar sk\u00e4llning blev det innan han valde att m\u00f6ta upp en \u00f6verlycklig husse :)<\/p>\n\n\n\n<p>Att f\u00e5 vinna ett klubbm\u00e4sterskap med Dramm som \u00e4r fr\u00e5n egen uppf\u00f6dning \u00e4r f\u00f6r mig otroligt stort. Kan bara \u00f6dmjukt tacka alla som g\u00f6r detta m\u00f6jligt!<\/p>\n\n\n\n<p>Klubbm\u00e4sterskapet i Sydsvenska \u00e4lghundklubben \u00e4r ocks\u00e5 kval till SM. S\u00e5 med denna vinst \u00e4r Dramm nu uttagen att representera klubben vid \u00c4lghund-SM 2022 som kommer att avg\u00f6ras i J\u00e4mtland <\/p>\n","protected":false},"excerpt":{"rendered":"<p>Femte g\u00e5ngen gillt, kan man s\u00e4ga. F\u00f6r det var faktiskt femte g\u00e5ngen som jag var i med i Klubbm\u00e4sterskapet och tillika SM-kval men det var f\u00f6rsta g\u00e5ngen det r\u00e4ckte hela v\u00e4gen. Tv\u00e5 g\u00e5nger kvalade jag och min bror in med v\u00e5r hane Fisktj\u00e4rnlidens Blixten. Sedan har jag kvalat in med b\u00e5de Enja och Lunnsa och [&hellip;]<\/p>\n","protected":false},"author":2,"featured_media":0,"comment_status":"closed","ping_status":"open","sticky":false,"template":"","format":"standard","meta":{"_mi_skip_tracking":false,"ngg_post_thumbnail":0},"categories":[5],"tags":[],"_links":{"self":[{"href":"http:\/\/www.moharen.se\/index.php?rest_route=\/wp\/v2\/posts\/2479"}],"collection":[{"href":"http:\/\/www.moharen.se\/index.php?rest_route=\/wp\/v2\/posts"}],"about":[{"href":"http:\/\/www.moharen.se\/index.php?rest_route=\/wp\/v2\/types\/post"}],"author":[{"embeddable":true,"href":"http:\/\/www.moharen.se\/index.php?rest_route=\/wp\/v2\/users\/2"}],"replies":[{"embeddable":true,"href":"http:\/\/www.moharen.se\/index.php?rest_route=%2Fwp%2Fv2%2Fcomments&post=2479"}],"version-history":[{"count":1,"href":"http:\/\/www.moharen.se\/index.php?rest_route=\/wp\/v2\/posts\/2479\/revisions"}],"predecessor-version":[{"id":2481,"href":"http:\/\/www.moharen.se\/index.php?rest_route=\/wp\/v2\/posts\/2479\/revisions\/2481"}],"wp:attachment":[{"href":"http:\/\/www.moharen.se\/index.php?rest_route=%2Fwp%2Fv2%2Fmedia&parent=2479"}],"wp:term":[{"taxonomy":"category","embeddable":true,"href":"http:\/\/www.moharen.se\/index.php?rest_route=%2Fwp%2Fv2%2Fcategories&post=2479"},{"taxonomy":"post_tag","embeddable":true,"href":"http:\/\/www.moharen.se\/index.php?rest_route=%2Fwp%2Fv2%2Ftags&post=2479"}],"curies":[{"name":"wp","href":"https:\/\/api.w.org\/{rel}","templated":true}]}}