{"id":2264,"date":"2019-03-01T19:54:23","date_gmt":"2019-03-01T18:54:23","guid":{"rendered":"http:\/\/www.moharen.se\/?p=2264"},"modified":"2019-03-09T19:54:59","modified_gmt":"2019-03-09T18:54:59","slug":"lovis-tillbaka-hos-kennel-angblommans","status":"publish","type":"post","link":"http:\/\/www.moharen.se\/?p=2264","title":{"rendered":"Lovis tillbaka hos kennel \u00c4ngblommans"},"content":{"rendered":"\n<p>Lovis kompletta namn \u00e4r \u00c4ngblomman&#8217;s First Easter Flower&nbsp;och i dagarna var vi upp till St\u00f6de och h\u00e4lsade p\u00e5 hos kennel \u00c4ngsblomman. Lovis kommer att vara d\u00e4r ett tag. Kennel\u00e4gare och tillf\u00e4llig matte \u00e4r Camilla Engblom. Suver\u00e4nt duktig med sina hundar och Lovis verkade trivas d\u00e4r fr\u00e5n f\u00f6rsta stund. Camilla \u00e4r ocks\u00e5 duktig p\u00e5 att fixa till hundar s\u00e5 de ser ut som de ska. Lovis blev s\u00e5 fantastiskt fin efter att Camilla fixat till henne.<\/p>\n\n\n\n<figure class=\"wp-block-image\"><img decoding=\"async\" loading=\"lazy\" width=\"960\" height=\"640\" src=\"http:\/\/www.moharen.se\/wp-content\/uploads\/2019\/03\/53378266_10218946051071551_7881968297644654592_n.jpg\" alt=\"\" class=\"wp-image-2265\" srcset=\"http:\/\/www.moharen.se\/wp-content\/uploads\/2019\/03\/53378266_10218946051071551_7881968297644654592_n.jpg 960w, http:\/\/www.moharen.se\/wp-content\/uploads\/2019\/03\/53378266_10218946051071551_7881968297644654592_n-500x333.jpg 500w, http:\/\/www.moharen.se\/wp-content\/uploads\/2019\/03\/53378266_10218946051071551_7881968297644654592_n-768x512.jpg 768w, http:\/\/www.moharen.se\/wp-content\/uploads\/2019\/03\/53378266_10218946051071551_7881968297644654592_n-624x416.jpg 624w\" sizes=\"(max-width: 960px) 100vw, 960px\" \/><figcaption>Lovis, eller som hon heter i stamtavlan, \u00c4ngblomman&#8217;s First Easter Flower&nbsp;<\/figcaption><\/figure>\n","protected":false},"excerpt":{"rendered":"<p>Lovis kompletta namn \u00e4r \u00c4ngblomman&#8217;s First Easter Flower&nbsp;och i dagarna var vi upp till St\u00f6de och h\u00e4lsade p\u00e5 hos kennel \u00c4ngsblomman. Lovis kommer att vara d\u00e4r ett tag. Kennel\u00e4gare och tillf\u00e4llig matte \u00e4r Camilla Engblom. Suver\u00e4nt duktig med sina hundar och Lovis verkade trivas d\u00e4r fr\u00e5n f\u00f6rsta stund. Camilla \u00e4r ocks\u00e5 duktig p\u00e5 att fixa [&hellip;]<\/p>\n","protected":false},"author":2,"featured_media":0,"comment_status":"closed","ping_status":"open","sticky":false,"template":"","format":"standard","meta":{"_mi_skip_tracking":false,"ngg_post_thumbnail":0},"categories":[5],"tags":[],"_links":{"self":[{"href":"http:\/\/www.moharen.se\/index.php?rest_route=\/wp\/v2\/posts\/2264"}],"collection":[{"href":"http:\/\/www.moharen.se\/index.php?rest_route=\/wp\/v2\/posts"}],"about":[{"href":"http:\/\/www.moharen.se\/index.php?rest_route=\/wp\/v2\/types\/post"}],"author":[{"embeddable":true,"href":"http:\/\/www.moharen.se\/index.php?rest_route=\/wp\/v2\/users\/2"}],"replies":[{"embeddable":true,"href":"http:\/\/www.moharen.se\/index.php?rest_route=%2Fwp%2Fv2%2Fcomments&post=2264"}],"version-history":[{"count":3,"href":"http:\/\/www.moharen.se\/index.php?rest_route=\/wp\/v2\/posts\/2264\/revisions"}],"predecessor-version":[{"id":2268,"href":"http:\/\/www.moharen.se\/index.php?rest_route=\/wp\/v2\/posts\/2264\/revisions\/2268"}],"wp:attachment":[{"href":"http:\/\/www.moharen.se\/index.php?rest_route=%2Fwp%2Fv2%2Fmedia&parent=2264"}],"wp:term":[{"taxonomy":"category","embeddable":true,"href":"http:\/\/www.moharen.se\/index.php?rest_route=%2Fwp%2Fv2%2Fcategories&post=2264"},{"taxonomy":"post_tag","embeddable":true,"href":"http:\/\/www.moharen.se\/index.php?rest_route=%2Fwp%2Fv2%2Ftags&post=2264"}],"curies":[{"name":"wp","href":"https:\/\/api.w.org\/{rel}","templated":true}]}}