{"id":2122,"date":"2018-01-20T18:33:18","date_gmt":"2018-01-20T17:33:18","guid":{"rendered":"http:\/\/www.moharen.se\/?p=2122"},"modified":"2018-01-20T18:56:35","modified_gmt":"2018-01-20T17:56:35","slug":"vi-ses-nagonstans-pa-nagot-satt","status":"publish","type":"post","link":"http:\/\/www.moharen.se\/?p=2122","title":{"rendered":"Vi ses n\u00e5gonstans, p\u00e5 n\u00e5got s\u00e4tt!"},"content":{"rendered":"<p><img decoding=\"async\" loading=\"lazy\" class=\"alignnone size-medium wp-image-2123\" src=\"http:\/\/www.moharen.se\/wp-content\/uploads\/2018\/01\/program-500x272.jpg\" alt=\"program\" width=\"500\" height=\"272\" srcset=\"http:\/\/www.moharen.se\/wp-content\/uploads\/2018\/01\/program-500x272.jpg 500w, http:\/\/www.moharen.se\/wp-content\/uploads\/2018\/01\/program-1024x558.jpg 1024w\" sizes=\"(max-width: 500px) 100vw, 500px\" \/><\/p>\n<p><strong>A<\/strong>ldrig n\u00e5gonsin har jag kunnat f\u00f6rest\u00e4lla mig den tomhet som blev n\u00e4r du inte finns hos mig l\u00e4ngre.<br \/>\n<strong>J<\/strong>ag kan fortfarande k\u00e4nna doften av dig n\u00e4r jag tar kudden som ligger p\u00e5 din sida av s\u00e4ngen, men du finns inte d\u00e4r l\u00e4ngre.<br \/>\n<strong>J<\/strong>ag \u00f6ppnar d\u00f6rren och hinner n\u00e4stan ropa p\u00e5 dig innan verkligheten kommer ifatt och jag inser att du inte finns hos mig l\u00e4ngre.<br \/>\n<strong>J<\/strong>ag vill s\u00e5 g\u00e4rna fr\u00e5ga dig vad du tycker, men jag inser lika snabbt att du inte finns med mig l\u00e4ngre.<\/p>\n<p><strong>A<\/strong>llt vi gjorde under v\u00e5ra 31 \u00e5r tillsammans finns p\u00e5 n\u00e5got s\u00e4tt kvar och n\u00e4r bilderna svischar f\u00f6rbi s\u00e5 k\u00e4nns det \u00e4nd\u00e5 som du finns med mig.<br \/>\n<strong>D<\/strong>in styrka hj\u00e4lper mig n\u00e4r t\u00e5rarna rinner och beslut ska tas, d\u00e5 k\u00e4nns det \u00e4nd\u00e5 som du finns med mig.<br \/>\n<strong>J<\/strong>ag h\u00e5ller v\u00e5r fina och unika son i handen och i hans \u00f6gon ser jag dig. P\u00e5 n\u00e5got s\u00e4tt s\u00e5 k\u00e4nns det \u00e4nd\u00e5 som du finns med mig.<br \/>\n<strong>V<\/strong>i var ett team som k\u00e4mpade tillsammans och jag lovar dig att jag kommer att forts\u00e4tta f\u00f6r det k\u00e4nns p\u00e5 n\u00e5got s\u00e4tt som du finns med mig<\/p>\n<p><strong>D<\/strong>u sa det s\u00e5 fint, och jag b\u00e4r det med mig.<br \/>\n\u2013 Vi s\u00e4ger inte hej d\u00e5. Vi ses n\u00e5gonstans, p\u00e5 n\u00e5got s\u00e4tt!<\/p>\n<p>&nbsp;<\/p>\n<p><em>Den 14 januari 2018 dog Carina efter en kort tids sjukdom. Cancer slog till brutalt och urskiljningsl\u00f6st. Carina var, och \u00e4r, den finaste och starkaste m\u00e4nniska jag m\u00f6tt och inget kommer att bli sig likt efter denna dag. Tomheten g\u00f6r s\u00e5 ont.<\/em><\/p>\n<p>&nbsp;<\/p>\n<p><img decoding=\"async\" loading=\"lazy\" class=\"alignnone wp-image-2126\" src=\"http:\/\/www.moharen.se\/wp-content\/uploads\/2018\/01\/Sk\u00e4rmavbild-2018-01-20-kl.-18.05.05.png\" alt=\"Sk\u00e4rmavbild 2018-01-20 kl. 18.05.05\" width=\"300\" height=\"616\" srcset=\"http:\/\/www.moharen.se\/wp-content\/uploads\/2018\/01\/Sk\u00e4rmavbild-2018-01-20-kl.-18.05.05.png 476w, http:\/\/www.moharen.se\/wp-content\/uploads\/2018\/01\/Sk\u00e4rmavbild-2018-01-20-kl.-18.05.05-195x400.png 195w\" sizes=\"(max-width: 300px) 100vw, 300px\" \/><\/p>\n","protected":false},"excerpt":{"rendered":"<p>Aldrig n\u00e5gonsin har jag kunnat f\u00f6rest\u00e4lla mig den tomhet som blev n\u00e4r du inte finns hos mig l\u00e4ngre. Jag kan fortfarande k\u00e4nna doften av dig n\u00e4r jag tar kudden som ligger p\u00e5 din sida av s\u00e4ngen, men du finns inte d\u00e4r l\u00e4ngre. Jag \u00f6ppnar d\u00f6rren och hinner n\u00e4stan ropa p\u00e5 dig innan verkligheten kommer ifatt [&hellip;]<\/p>\n","protected":false},"author":1,"featured_media":0,"comment_status":"closed","ping_status":"open","sticky":false,"template":"","format":"standard","meta":{"_mi_skip_tracking":false,"ngg_post_thumbnail":0},"categories":[5],"tags":[],"_links":{"self":[{"href":"http:\/\/www.moharen.se\/index.php?rest_route=\/wp\/v2\/posts\/2122"}],"collection":[{"href":"http:\/\/www.moharen.se\/index.php?rest_route=\/wp\/v2\/posts"}],"about":[{"href":"http:\/\/www.moharen.se\/index.php?rest_route=\/wp\/v2\/types\/post"}],"author":[{"embeddable":true,"href":"http:\/\/www.moharen.se\/index.php?rest_route=\/wp\/v2\/users\/1"}],"replies":[{"embeddable":true,"href":"http:\/\/www.moharen.se\/index.php?rest_route=%2Fwp%2Fv2%2Fcomments&post=2122"}],"version-history":[{"count":4,"href":"http:\/\/www.moharen.se\/index.php?rest_route=\/wp\/v2\/posts\/2122\/revisions"}],"predecessor-version":[{"id":2128,"href":"http:\/\/www.moharen.se\/index.php?rest_route=\/wp\/v2\/posts\/2122\/revisions\/2128"}],"wp:attachment":[{"href":"http:\/\/www.moharen.se\/index.php?rest_route=%2Fwp%2Fv2%2Fmedia&parent=2122"}],"wp:term":[{"taxonomy":"category","embeddable":true,"href":"http:\/\/www.moharen.se\/index.php?rest_route=%2Fwp%2Fv2%2Fcategories&post=2122"},{"taxonomy":"post_tag","embeddable":true,"href":"http:\/\/www.moharen.se\/index.php?rest_route=%2Fwp%2Fv2%2Ftags&post=2122"}],"curies":[{"name":"wp","href":"https:\/\/api.w.org\/{rel}","templated":true}]}}