{"id":1581,"date":"2014-06-07T16:18:51","date_gmt":"2014-06-07T14:18:51","guid":{"rendered":"http:\/\/www.moharen.se\/?p=1581"},"modified":"2014-06-08T22:14:59","modified_gmt":"2014-06-08T20:14:59","slug":"allmogejakt-var-butik","status":"publish","type":"post","link":"http:\/\/www.moharen.se\/?p=1581","title":{"rendered":"Allmogejakt, v\u00e5r butik"},"content":{"rendered":"<p><img decoding=\"async\" loading=\"lazy\" class=\"alignnone size-medium wp-image-1582\" alt=\"Utskrift\" src=\"http:\/\/www.moharen.se\/wp-content\/uploads\/2014\/05\/loggo_YRgHmt-500x106.jpg\" width=\"500\" height=\"106\" srcset=\"http:\/\/www.moharen.se\/wp-content\/uploads\/2014\/05\/loggo_YRgHmt-500x106.jpg 500w, http:\/\/www.moharen.se\/wp-content\/uploads\/2014\/05\/loggo_YRgHmt.jpg 515w\" sizes=\"(max-width: 500px) 100vw, 500px\" \/><\/p>\n<p>Under senare delen av 2008 startade jag upp f\u00f6retaget Allmogejakt och namnet registrerades v\u00e5ren 2009. Namnet kommer sig av att jag ville det skulle f\u00f6rknippas med n\u00e5got enkelt men \u00e4nd\u00e5 gediget och som man kan lita p\u00e5 att det fungerar.\u00a0Fr\u00e5n b\u00f6rjan var det i stort sett enbart den egentillverkade \u00e5telbelysningen som jag och min bror kn\u00e5pade ihop. Men ganska snart d\u00f6k det upp fler prylar man ville erbjuda men f\u00f6rs\u00e4ljningen var koncentrerad till webben.<\/p>\n<div id=\"attachment_1586\" style=\"width: 510px\" class=\"wp-caption alignnone\"><a href=\"https:\/\/www.allmogejakt.se\/brand.html\/bergans\"><img aria-describedby=\"caption-attachment-1586\" decoding=\"async\" loading=\"lazy\" class=\"size-medium wp-image-1586 \" alt=\"Produkter fr\u00e5n Bergans vet vi h\u00e5ller f\u00f6r v\u00e5r krav och d\u00e5 \u00e4r det l\u00e4ttare att tala f\u00f6r varan och s\u00e4lja den.\" src=\"http:\/\/www.moharen.se\/wp-content\/uploads\/2014\/06\/compact2-500x228.jpg\" width=\"500\" height=\"228\" srcset=\"http:\/\/www.moharen.se\/wp-content\/uploads\/2014\/06\/compact2-500x228.jpg 500w, http:\/\/www.moharen.se\/wp-content\/uploads\/2014\/06\/compact2.jpg 800w\" sizes=\"(max-width: 500px) 100vw, 500px\" \/><\/a><p id=\"caption-attachment-1586\" class=\"wp-caption-text\">Produkter fr\u00e5n Bergans vet vi h\u00e5ller f\u00f6r v\u00e5r krav och d\u00e5 \u00e4r det l\u00e4ttare att tala f\u00f6r varan och s\u00e4lja den.<\/p><\/div>\n<p>Mottot har fr\u00e5n b\u00f6rjan varit att det ska vara bra prylar med h\u00f6g kvalit\u00e9 och som jag vet fungerar. Tr\u00e5kigaste som finns \u00e4r om en kund inte \u00e4r n\u00f6jd. Detta har jag h\u00e5llit p\u00e5 \u00e4ven n\u00e4r sortimentet har ut\u00f6kats. Det mesta av det som nu finns i utbudet har jag testat sj\u00e4lv eller ocks\u00e5 \u00e4r det rekommenderat av m\u00e4nniskor som jag litar p\u00e5.<\/p>\n<p>&nbsp;<\/p>\n<div id=\"attachment_1587\" style=\"width: 160px\" class=\"wp-caption alignleft\"><img aria-describedby=\"caption-attachment-1587\" decoding=\"async\" loading=\"lazy\" class=\"size-thumbnail wp-image-1587 \" alt=\"En \u00e4kta svensk k\u00e4nga, J\u00f6rnk\u00e4ngan Original med n\u00e4bb och allt.\" src=\"http:\/\/www.moharen.se\/wp-content\/uploads\/2014\/06\/355-3-original2-500x500-150x150.jpg\" width=\"150\" height=\"150\" srcset=\"http:\/\/www.moharen.se\/wp-content\/uploads\/2014\/06\/355-3-original2-500x500-150x150.jpg 150w, http:\/\/www.moharen.se\/wp-content\/uploads\/2014\/06\/355-3-original2-500x500.jpg 356w\" sizes=\"(max-width: 150px) 100vw, 150px\" \/><p id=\"caption-attachment-1587\" class=\"wp-caption-text\">En \u00e4kta svensk k\u00e4nga, J\u00f6rnk\u00e4ngan Original med n\u00e4bb och allt.<\/p><\/div>\n<p>En av produkterna som varit, och \u00e4r, riktigt roligt att h\u00e5lla p\u00e5 med \u00e4r den omtalade och eftertraktade J\u00f6rnk\u00e4ngan. \u00c4r m\u00e5nga kunder man f\u00e5tt mycket trevlig kontakt med i samband med att de best\u00e4llt sina nya k\u00e4ngor.<\/p>\n<p>Vad \u00e4r d\u00e5 s\u00e5 unikt med denna kanske en del fr\u00e5gar sig. Jo, ett \u00e4kta hantverk, tillverkas i J\u00f6rn uppe i V\u00e4sterbotten och i stort sett bara supern\u00f6jda kunder. Beh\u00f6ver v\u00e4l knappast till\u00e4gga att jag anv\u00e4nder dom sj\u00e4lv, \u00e5ret om oavsett om det \u00e4r jakt, vandring eller annat som g\u00e4ller.<\/p>\n<p>H\u00f6sten 2013 hade utrymmet hemma i huset blivit f\u00f6r litet och dessutom funkade det d\u00e5ligt med transporterna ut p\u00e5 landsbygden. n\u00e4r s\u00e5 m\u00f6jligheten att hyra en l\u00e4mplig lokal d\u00f6k upp s\u00e5 togs f\u00f6rsta steget till \u00e4ven en fysisk butik d\u00e4r man som kund kan komma f\u00f6rbi f\u00f6r att k\u00e4nna, kl\u00e4mma och prova.<\/p>\n<div id=\"attachment_1594\" style=\"width: 510px\" class=\"wp-caption alignnone\"><img aria-describedby=\"caption-attachment-1594\" decoding=\"async\" loading=\"lazy\" class=\"size-medium wp-image-1594\" alt=\"S\u00e5 h\u00e4r s\u00e5g det ut n\u00e4r vi \u00f6ppnade i december men redan nu har vi ut\u00f6kat butiksytan f\u00f6r att b\u00e4ttre exponera v\u00e5ra produkter.\" src=\"http:\/\/www.moharen.se\/wp-content\/uploads\/2014\/06\/butik-500x338.jpg\" width=\"500\" height=\"338\" srcset=\"http:\/\/www.moharen.se\/wp-content\/uploads\/2014\/06\/butik-500x338.jpg 500w, http:\/\/www.moharen.se\/wp-content\/uploads\/2014\/06\/butik-1024x693.jpg 1024w\" sizes=\"(max-width: 500px) 100vw, 500px\" \/><p id=\"caption-attachment-1594\" class=\"wp-caption-text\">S\u00e5 h\u00e4r s\u00e5g det ut n\u00e4r vi \u00f6ppnade i december men redan nu har vi ut\u00f6kat butiksytan f\u00f6r att b\u00e4ttre exponera v\u00e5ra produkter.<\/p><\/div>\n<p>Den 15 december var det s\u00e5 \u00e4ntligen dags att \u00f6ppna d\u00f6rren i butiken i Myresj\u00f6. I samband med butiken ut\u00f6kades ocks\u00e5 sortimentet ganska ordentligt.B\u00e5de f\u00f6r att ha ett mer komplett utbud men ocks\u00e5 f\u00f6r att n\u00e5 en st\u00f6rre och bredare kundgrupp. Det som nu finns i v\u00e5rt sortiment \u00e4r f\u00f6rst\u00e5s d\u00e5 jaktkl\u00e4der och tillbeh\u00f6r f\u00f6r jakten men \u00e4ven ett bra utbud f\u00f6r hund och tr\u00e4ning av hund finns d\u00e4r ocks\u00e5. Vi har \u00e4ven b\u00f6rjat plocka in en hel del fr\u00e5n segmentet &#8221;outdoor&#8221;. Ryggs\u00e4ckar f\u00f6r vandring, liggunderlag, t\u00e4lt och annat som h\u00f6r till n\u00e4r man vill ut och r\u00f6ra p\u00e5 sig. Vandring, och d\u00e5 framf\u00f6rallt i fj\u00e4llen, \u00e4r ju n\u00e5got som intresserar oss.<\/p>\n<p>Som ni s\u00e4kert f\u00f6rst\u00e5r s\u00e5 \u00e4r v\u00e5rt sortiment lite som vi \u00e4r sj\u00e4lva. Jakt, hundar och uteliv! Vi saluf\u00f6r idag produkter fr\u00e5n Tracker, Aclima, Bergans, Exped, Dogtech, Aimpoint, Classic, Meopta, H\u00e4rkila, Swedteam, Dogman, Dragr\u00e5ttan, Profsafe, Trappern, Robur, Nordic hundfoder, Icom med flera och \u00e4nnu fler \u00e4r p\u00e5 g\u00e5ng! F\u00f6r ska det vara ska det vara ordentligt och v\u00e5rt m\u00e5l \u00e4r att bli en butik som man v\u00e4ljer f\u00f6r det fina sortimentet och den goda servicen.<\/p>\n<div id=\"attachment_1597\" style=\"width: 510px\" class=\"wp-caption alignnone\"><img aria-describedby=\"caption-attachment-1597\" decoding=\"async\" loading=\"lazy\" class=\"size-medium wp-image-1597\" alt=\"Snabbt inser man att marknadsf\u00f6ring \u00e4r dyrt och sv\u00e5rt. Vi har d\u00e4rf\u00f6r valt att satsa p\u00e5 s\u00e5dant som ger v\u00e5ra kunder n\u00e5got extra och sedan hoppas vi p\u00e5 att det sprids fr\u00e5n mun till mun ist\u00e4llet f\u00f6r dyra annonser i olika media. H\u00e4r en bild fr\u00e5n v\u00e5r hunddag i butiken n\u00e4r bland annat Tracker Sverige var och k\u00f6rde demo p\u00e5 nya hundpejlen Tracker G1000. G\u00f6ran Hallman fr\u00e5n Doctech hundv\u00e4star var p\u00e5 plats och provade ut skyddsv\u00e4star till hundar.\" src=\"http:\/\/www.moharen.se\/wp-content\/uploads\/2014\/06\/trackerbutik-500x315.jpg\" width=\"500\" height=\"315\" srcset=\"http:\/\/www.moharen.se\/wp-content\/uploads\/2014\/06\/trackerbutik-500x315.jpg 500w, http:\/\/www.moharen.se\/wp-content\/uploads\/2014\/06\/trackerbutik-1024x646.jpg 1024w, http:\/\/www.moharen.se\/wp-content\/uploads\/2014\/06\/trackerbutik.jpg 2048w\" sizes=\"(max-width: 500px) 100vw, 500px\" \/><p id=\"caption-attachment-1597\" class=\"wp-caption-text\">Snabbt inser man att marknadsf\u00f6ring \u00e4r dyrt och sv\u00e5rt. Vi har d\u00e4rf\u00f6r valt att satsa p\u00e5 s\u00e5dant som ger v\u00e5ra kunder n\u00e5got extra och sedan hoppas vi p\u00e5 att det sprids fr\u00e5n mun till mun ist\u00e4llet f\u00f6r dyra annonser i olika media. H\u00e4r en bild fr\u00e5n v\u00e5r hunddag i butiken n\u00e4r bland annat Tracker Sverige var och k\u00f6rde demo p\u00e5 nya hundpejlen Tracker G1000. G\u00f6ran Hallman fr\u00e5n Dogtech hundskydd var ocks\u00e5 p\u00e5 plats och provade ut skyddsv\u00e4star till hundar.<\/p><\/div>\n<p>Riktigt kul om ni skulle kika f\u00f6rbi i h\u00e4ndelse att ni \u00e4r i n\u00e4rheten av Myresj\u00f6 d\u00e4r vi har butiken och vi bjuder alltid p\u00e5 kaffe s\u00e5 klart. Ni \u00e4r ocks\u00e5 v\u00e4lkomna att titta in i webbutiken f\u00f6r att f\u00e5 en liten inblick i vad det \u00e4r vi h\u00e5ller p\u00e5 med.<\/p>\n<p>I Myresj\u00f6 s\u00e5 hittar ni oss p\u00e5 B\u00e4ckabyv\u00e4gen 1, <a href=\"https:\/\/www.allmogejakt.se\/kundtjanst.html?submenu_id=-1\" target=\"_blank\">klicka h\u00e4r f\u00f6r mer info om \u00f6ppentider med mera<\/a>. P\u00e5 n\u00e4tet \u00e4r adressen till\u00a0butiken <a href=\"https:\/\/www.allmogejakt.se\" target=\"_blank\">www.allmogejakt.se<\/a><\/p>\n<p>V\u00e4lkomna, \u00f6nskar Ted och Carina<\/p>\n","protected":false},"excerpt":{"rendered":"<p>Under senare delen av 2008 startade jag upp f\u00f6retaget Allmogejakt och namnet registrerades v\u00e5ren 2009. Namnet kommer sig av att jag ville det skulle f\u00f6rknippas med n\u00e5got enkelt men \u00e4nd\u00e5 gediget och som man kan lita p\u00e5 att det fungerar.\u00a0Fr\u00e5n b\u00f6rjan var det i stort sett enbart den egentillverkade \u00e5telbelysningen som jag och min bror [&hellip;]<\/p>\n","protected":false},"author":2,"featured_media":0,"comment_status":"open","ping_status":"open","sticky":false,"template":"","format":"standard","meta":{"_mi_skip_tracking":false,"ngg_post_thumbnail":0},"categories":[5],"tags":[],"_links":{"self":[{"href":"http:\/\/www.moharen.se\/index.php?rest_route=\/wp\/v2\/posts\/1581"}],"collection":[{"href":"http:\/\/www.moharen.se\/index.php?rest_route=\/wp\/v2\/posts"}],"about":[{"href":"http:\/\/www.moharen.se\/index.php?rest_route=\/wp\/v2\/types\/post"}],"author":[{"embeddable":true,"href":"http:\/\/www.moharen.se\/index.php?rest_route=\/wp\/v2\/users\/2"}],"replies":[{"embeddable":true,"href":"http:\/\/www.moharen.se\/index.php?rest_route=%2Fwp%2Fv2%2Fcomments&post=1581"}],"version-history":[{"count":19,"href":"http:\/\/www.moharen.se\/index.php?rest_route=\/wp\/v2\/posts\/1581\/revisions"}],"predecessor-version":[{"id":1603,"href":"http:\/\/www.moharen.se\/index.php?rest_route=\/wp\/v2\/posts\/1581\/revisions\/1603"}],"wp:attachment":[{"href":"http:\/\/www.moharen.se\/index.php?rest_route=%2Fwp%2Fv2%2Fmedia&parent=1581"}],"wp:term":[{"taxonomy":"category","embeddable":true,"href":"http:\/\/www.moharen.se\/index.php?rest_route=%2Fwp%2Fv2%2Fcategories&post=1581"},{"taxonomy":"post_tag","embeddable":true,"href":"http:\/\/www.moharen.se\/index.php?rest_route=%2Fwp%2Fv2%2Ftags&post=1581"}],"curies":[{"name":"wp","href":"https:\/\/api.w.org\/{rel}","templated":true}]}}