{"id":1149,"date":"2012-08-17T08:09:10","date_gmt":"2012-08-17T06:09:10","guid":{"rendered":"http:\/\/www.moharen.se\/?p=1149"},"modified":"2012-08-17T08:09:10","modified_gmt":"2012-08-17T06:09:10","slug":"fjallraven-classic","status":"publish","type":"post","link":"http:\/\/www.moharen.se\/?p=1149","title":{"rendered":"Fj\u00e4llr\u00e4ven Classic"},"content":{"rendered":"<p>S\u00e5 blev det \u00e4ntligen av, att f\u00f6rflytta sig de 110 kilometrarna mellan Nikkaloukta och Abisko. Var anm\u00e4ld redan f\u00f6rra \u00e5ret men d\u00e5 satte en kr\u00e5nglande kn\u00e4 stopp f\u00f6r promenaden. Skam den som ger sig. Den 10 augusti klockan 13:00 startade trippen tillsammans med tv\u00e5 kompisar. Vi hade en plan som gick ut p\u00e5 att fixa det p\u00e5 55 timmar. Det gick b\u00e4ttre \u00e4n s\u00e5. Efter 51 timmar och 40 minuter passerade vi under m\u00e5lskynket. \u00d6mma i f\u00f6tterna men h\u00e4rligt n\u00f6jda med att ha fixat det.<\/p>\n<p>Eventet som allts\u00e5 kallas Fj\u00e4llr\u00e4ven Classic genomf\u00f6rdes f\u00f6r \u00e5ttonde \u00e5ret i rad och antalet startande \u00e4r maximerat till 2000. Dessa sl\u00e4pps sedan i tre startgrupper om dan under tre dagar. Detta f\u00f6r att f\u00e5 en spridning av folk. Man v\u00e4ljer sj\u00e4lv hur man vill genomf\u00f6ra vandringen. Allt fr\u00e5n att springa hela v\u00e4gen (rekordet \u00e4r enligt uppgift strax \u00f6ver 11 timmar) till att anv\u00e4nda sju-\u00e5tta dagar f\u00f6r att fixa hela str\u00e4ckan. Vill du l\u00e4sa mer om det, g\u00e5 in p\u00e5 <a href=\"http:\/\/www.fjallravenclassic.se\" target=\"_blank\">www.fjallravenclassic.se<\/a><\/p>\n<p><a href=\"http:\/\/www.fjallravenclassic.se\" target=\"_blank\"><\/a>Mina personliga reflektioner efter att ha genomf\u00f6rt vandringen \u00e4r blandande. Mestadels \u00e4r det f\u00f6rst\u00e5s positivt. Fantastisk natur som verkligen \u00e4r storslagen med de h\u00f6ga toppar som kantar hela f\u00e4rden. Bra organiserat och v\u00e4nligt folk \u00f6verallt. Man kan ju tro att m\u00e4ngden startande g\u00f6r att det \u00e4r folk \u00f6verallt men s\u00e5 upplevde inte jag det i alla fall. Nu gick vi ut redan i startgrupp tv\u00e5 och dessutom med ganska bra tempo vilket medf\u00f6r att st\u00f6rsta delen av de 2000 var bakom oss. Man kunde allts\u00e5 njuta av fj\u00e4llet och dess m\u00e4ktiga intryck.<\/p>\n<p>Negativt var v\u00e4l delvis samma sak. Lite f\u00f6r mycket folk och k\u00e4nslan av att vara f\u00f6r sig sj\u00e4lv fick ibland sina t\u00f6rnar. Dessutom tyckte jag att omr\u00e5det utmed lederna var lite v\u00e4l slitet och p\u00e5verkat av m\u00e4nniskan. Men man kan ju inte r\u00e4kna med s\u00e5 mycket annat n\u00e4r det \u00e4r en av svenska fj\u00e4llens popul\u00e4raste leder.<\/p>\n<p>V\u00e5gar \u00e4nd\u00e5 rekommendera den som gillar natur och fj\u00e4ll att ta chansen och g\u00e5 str\u00e4ckan. Mestadels s\u00e5 g\u00e5r man p\u00e5 tydligt markerade leder och v\u00e4l upptrampade stigar. Ett antal kilometer \u00e4r sp\u00e5ngade s\u00e5 \u00e4r man bara n\u00e5gorlunda f\u00f6rberedd s\u00e5 \u00e4r det inga problem att genomf\u00f6ra vandringen. Dock ska till\u00e4ggas att bitvis \u00e4r det ganska stenigt vilket sliter p\u00e5 s\u00e5v\u00e4l f\u00f6tter som leder. Dessutom blir det tuffare f\u00f6r kroppen ju snabbare man f\u00f6rs\u00f6ker att g\u00e5. Men varf\u00f6r ska man stressa n\u00e4r man befinner sig i en s\u00e5 h\u00e4rligt milj\u00f6 som det faktiskt \u00e4r.<\/p>\n<p>Bjuder p\u00e5 lite smakprov i form av bilder fr\u00e5n olika platser utmed de 11 milen.<\/p>\n<div id=\"attachment_1151\" style=\"width: 510px\" class=\"wp-caption alignnone\"><img aria-describedby=\"caption-attachment-1151\" decoding=\"async\" loading=\"lazy\" class=\"size-medium wp-image-1151\" title=\"IMG_0040\" src=\"http:\/\/www.moharen.se\/wp-content\/uploads\/2012\/08\/IMG_0040-500x375.jpg\" alt=\"\" width=\"500\" height=\"375\" srcset=\"http:\/\/www.moharen.se\/wp-content\/uploads\/2012\/08\/IMG_0040-500x375.jpg 500w, http:\/\/www.moharen.se\/wp-content\/uploads\/2012\/08\/IMG_0040-1024x768.jpg 1024w, http:\/\/www.moharen.se\/wp-content\/uploads\/2012\/08\/IMG_0040.jpg 1500w\" sizes=\"(max-width: 500px) 100vw, 500px\" \/><p id=\"caption-attachment-1151\" class=\"wp-caption-text\">Nikkaloukta fj\u00e4llstation<\/p><\/div>\n<div id=\"attachment_1152\" style=\"width: 510px\" class=\"wp-caption alignnone\"><img aria-describedby=\"caption-attachment-1152\" decoding=\"async\" loading=\"lazy\" class=\"size-medium wp-image-1152\" title=\"IMG_0050\" src=\"http:\/\/www.moharen.se\/wp-content\/uploads\/2012\/08\/IMG_0050-500x375.jpg\" alt=\"\" width=\"500\" height=\"375\" srcset=\"http:\/\/www.moharen.se\/wp-content\/uploads\/2012\/08\/IMG_0050-500x375.jpg 500w, http:\/\/www.moharen.se\/wp-content\/uploads\/2012\/08\/IMG_0050-1024x768.jpg 1024w, http:\/\/www.moharen.se\/wp-content\/uploads\/2012\/08\/IMG_0050.jpg 1500w\" sizes=\"(max-width: 500px) 100vw, 500px\" \/><p id=\"caption-attachment-1152\" class=\"wp-caption-text\">Som sagt, en hel del som skulle ut p\u00e5 vandringen men det glesade ganska snabbt ut sig p\u00e5 leden.<\/p><\/div>\n<div id=\"attachment_1153\" style=\"width: 510px\" class=\"wp-caption alignnone\"><img aria-describedby=\"caption-attachment-1153\" decoding=\"async\" loading=\"lazy\" class=\"size-medium wp-image-1153\" title=\"IMG_0061\" src=\"http:\/\/www.moharen.se\/wp-content\/uploads\/2012\/08\/IMG_0061-500x375.jpg\" alt=\"\" width=\"500\" height=\"375\" srcset=\"http:\/\/www.moharen.se\/wp-content\/uploads\/2012\/08\/IMG_0061-500x375.jpg 500w, http:\/\/www.moharen.se\/wp-content\/uploads\/2012\/08\/IMG_0061-1024x768.jpg 1024w, http:\/\/www.moharen.se\/wp-content\/uploads\/2012\/08\/IMG_0061.jpg 1500w\" sizes=\"(max-width: 500px) 100vw, 500px\" \/><p id=\"caption-attachment-1153\" class=\"wp-caption-text\">P\u00e5 v\u00e4gs upp mot Kebnekaise fj\u00e4llstation och f\u00f6rsta checkpoint<\/p><\/div>\n<div id=\"attachment_1154\" style=\"width: 510px\" class=\"wp-caption alignnone\"><img aria-describedby=\"caption-attachment-1154\" decoding=\"async\" loading=\"lazy\" class=\"size-medium wp-image-1154\" title=\"IMG_0066\" src=\"http:\/\/www.moharen.se\/wp-content\/uploads\/2012\/08\/IMG_0066-500x375.jpg\" alt=\"\" width=\"500\" height=\"375\" srcset=\"http:\/\/www.moharen.se\/wp-content\/uploads\/2012\/08\/IMG_0066-500x375.jpg 500w, http:\/\/www.moharen.se\/wp-content\/uploads\/2012\/08\/IMG_0066-1024x768.jpg 1024w, http:\/\/www.moharen.se\/wp-content\/uploads\/2012\/08\/IMG_0066.jpg 1500w\" sizes=\"(max-width: 500px) 100vw, 500px\" \/><p id=\"caption-attachment-1154\" class=\"wp-caption-text\">Bitivis \u00e4r det ganska mycket som \u00e4r sp\u00e5ngat vilket underl\u00e4ttar f\u00f6r en del.<\/p><\/div>\n<div id=\"attachment_1155\" style=\"width: 510px\" class=\"wp-caption alignnone\"><img aria-describedby=\"caption-attachment-1155\" decoding=\"async\" loading=\"lazy\" class=\"size-medium wp-image-1155\" title=\"IMG_0079\" src=\"http:\/\/www.moharen.se\/wp-content\/uploads\/2012\/08\/IMG_0079-500x375.jpg\" alt=\"\" width=\"500\" height=\"375\" srcset=\"http:\/\/www.moharen.se\/wp-content\/uploads\/2012\/08\/IMG_0079-500x375.jpg 500w, http:\/\/www.moharen.se\/wp-content\/uploads\/2012\/08\/IMG_0079-1024x768.jpg 1024w, http:\/\/www.moharen.se\/wp-content\/uploads\/2012\/08\/IMG_0079.jpg 1500w\" sizes=\"(max-width: 500px) 100vw, 500px\" \/><p id=\"caption-attachment-1155\" class=\"wp-caption-text\">Matpaus med h\u00e4rlig utsikt<\/p><\/div>\n<div id=\"attachment_1156\" style=\"width: 510px\" class=\"wp-caption alignnone\"><img aria-describedby=\"caption-attachment-1156\" decoding=\"async\" loading=\"lazy\" class=\"size-medium wp-image-1156\" title=\"IMG_0082\" src=\"http:\/\/www.moharen.se\/wp-content\/uploads\/2012\/08\/IMG_0082-500x375.jpg\" alt=\"\" width=\"500\" height=\"375\" srcset=\"http:\/\/www.moharen.se\/wp-content\/uploads\/2012\/08\/IMG_0082-500x375.jpg 500w, http:\/\/www.moharen.se\/wp-content\/uploads\/2012\/08\/IMG_0082-1024x768.jpg 1024w, http:\/\/www.moharen.se\/wp-content\/uploads\/2012\/08\/IMG_0082.jpg 1500w\" sizes=\"(max-width: 500px) 100vw, 500px\" \/><p id=\"caption-attachment-1156\" class=\"wp-caption-text\">Breda stigar g\u00f6r vandringen ganska behaglig men f\u00f6r egen del tog det bort lite av k\u00e4nslan med att vara i fj\u00e4llmilj\u00f6<\/p><\/div>\n<div id=\"attachment_1157\" style=\"width: 510px\" class=\"wp-caption alignnone\"><img aria-describedby=\"caption-attachment-1157\" decoding=\"async\" loading=\"lazy\" class=\"size-medium wp-image-1157\" title=\"IMG_0097\" src=\"http:\/\/www.moharen.se\/wp-content\/uploads\/2012\/08\/IMG_0097-500x375.jpg\" alt=\"\" width=\"500\" height=\"375\" srcset=\"http:\/\/www.moharen.se\/wp-content\/uploads\/2012\/08\/IMG_0097-500x375.jpg 500w, http:\/\/www.moharen.se\/wp-content\/uploads\/2012\/08\/IMG_0097-1024x768.jpg 1024w, http:\/\/www.moharen.se\/wp-content\/uploads\/2012\/08\/IMG_0097.jpg 1500w\" sizes=\"(max-width: 500px) 100vw, 500px\" \/><p id=\"caption-attachment-1157\" class=\"wp-caption-text\">Sk\u00f6nt att slippa vada \u00f6ver de st\u00f6rre b\u00e4ckarna som ska passeras. H\u00e4r en bro vid ett vattendrag mellan fj\u00e4llstationerna Singi och S\u00e4lka<\/p><\/div>\n<div id=\"attachment_1158\" style=\"width: 510px\" class=\"wp-caption alignnone\"><img aria-describedby=\"caption-attachment-1158\" decoding=\"async\" loading=\"lazy\" class=\"size-medium wp-image-1158\" title=\"IMG_0103\" src=\"http:\/\/www.moharen.se\/wp-content\/uploads\/2012\/08\/IMG_0103-500x375.jpg\" alt=\"\" width=\"500\" height=\"375\" srcset=\"http:\/\/www.moharen.se\/wp-content\/uploads\/2012\/08\/IMG_0103-500x375.jpg 500w, http:\/\/www.moharen.se\/wp-content\/uploads\/2012\/08\/IMG_0103-1024x768.jpg 1024w, http:\/\/www.moharen.se\/wp-content\/uploads\/2012\/08\/IMG_0103.jpg 1500w\" sizes=\"(max-width: 500px) 100vw, 500px\" \/><p id=\"caption-attachment-1158\" class=\"wp-caption-text\">H\u00e4rliga vyer med frodig gr\u00f6nska och sn\u00f6kl\u00e4dda toppar<\/p><\/div>\n<div id=\"attachment_1159\" style=\"width: 510px\" class=\"wp-caption alignnone\"><img aria-describedby=\"caption-attachment-1159\" decoding=\"async\" loading=\"lazy\" class=\"size-medium wp-image-1159\" title=\"IMG_0109\" src=\"http:\/\/www.moharen.se\/wp-content\/uploads\/2012\/08\/IMG_0109-500x375.jpg\" alt=\"\" width=\"500\" height=\"375\" srcset=\"http:\/\/www.moharen.se\/wp-content\/uploads\/2012\/08\/IMG_0109-500x375.jpg 500w, http:\/\/www.moharen.se\/wp-content\/uploads\/2012\/08\/IMG_0109-1024x768.jpg 1024w, http:\/\/www.moharen.se\/wp-content\/uploads\/2012\/08\/IMG_0109.jpg 1500w\" sizes=\"(max-width: 500px) 100vw, 500px\" \/><p id=\"caption-attachment-1159\" class=\"wp-caption-text\">P\u00e5 v\u00e4gs upp mot h\u00f6gsta punkten p\u00e5 vandringen som ocks\u00e5 \u00e4r h\u00f6gsta punkten p\u00e5 Kungsleden. Tj\u00e4ktapasset, 1140 meter.<\/p><\/div>\n<div id=\"attachment_1160\" style=\"width: 510px\" class=\"wp-caption alignnone\"><img aria-describedby=\"caption-attachment-1160\" decoding=\"async\" loading=\"lazy\" class=\"size-medium wp-image-1160\" title=\"IMG_0133\" src=\"http:\/\/www.moharen.se\/wp-content\/uploads\/2012\/08\/IMG_0133-500x375.jpg\" alt=\"\" width=\"500\" height=\"375\" srcset=\"http:\/\/www.moharen.se\/wp-content\/uploads\/2012\/08\/IMG_0133-500x375.jpg 500w, http:\/\/www.moharen.se\/wp-content\/uploads\/2012\/08\/IMG_0133-1024x768.jpg 1024w, http:\/\/www.moharen.se\/wp-content\/uploads\/2012\/08\/IMG_0133.jpg 1500w\" sizes=\"(max-width: 500px) 100vw, 500px\" \/><p id=\"caption-attachment-1160\" class=\"wp-caption-text\">Fin morgon strax efter Alesjaure<\/p><\/div>\n<div id=\"attachment_1161\" style=\"width: 510px\" class=\"wp-caption alignnone\"><img aria-describedby=\"caption-attachment-1161\" decoding=\"async\" loading=\"lazy\" class=\"size-medium wp-image-1161\" title=\"IMG_0137\" src=\"http:\/\/www.moharen.se\/wp-content\/uploads\/2012\/08\/IMG_0137-500x375.jpg\" alt=\"\" width=\"500\" height=\"375\" srcset=\"http:\/\/www.moharen.se\/wp-content\/uploads\/2012\/08\/IMG_0137-500x375.jpg 500w, http:\/\/www.moharen.se\/wp-content\/uploads\/2012\/08\/IMG_0137-1024x768.jpg 1024w, http:\/\/www.moharen.se\/wp-content\/uploads\/2012\/08\/IMG_0137.jpg 1500w\" sizes=\"(max-width: 500px) 100vw, 500px\" \/><p id=\"caption-attachment-1161\" class=\"wp-caption-text\">Dags att stanna upp och bara vara en stund<\/p><\/div>\n<div id=\"attachment_1162\" style=\"width: 510px\" class=\"wp-caption alignnone\"><img aria-describedby=\"caption-attachment-1162\" decoding=\"async\" loading=\"lazy\" class=\"size-medium wp-image-1162\" title=\"IMG_0149\" src=\"http:\/\/www.moharen.se\/wp-content\/uploads\/2012\/08\/IMG_0149-500x384.jpg\" alt=\"\" width=\"500\" height=\"384\" srcset=\"http:\/\/www.moharen.se\/wp-content\/uploads\/2012\/08\/IMG_0149-500x384.jpg 500w, http:\/\/www.moharen.se\/wp-content\/uploads\/2012\/08\/IMG_0149-1024x787.jpg 1024w, http:\/\/www.moharen.se\/wp-content\/uploads\/2012\/08\/IMG_0149.jpg 1500w\" sizes=\"(max-width: 500px) 100vw, 500px\" \/><p id=\"caption-attachment-1162\" class=\"wp-caption-text\">51 timmar och 40 minuter tog det innan vi passerade under m\u00e5lskynket.<\/p><\/div>\n","protected":false},"excerpt":{"rendered":"<p>S\u00e5 blev det \u00e4ntligen av, att f\u00f6rflytta sig de 110 kilometrarna mellan Nikkaloukta och Abisko. Var anm\u00e4ld redan f\u00f6rra \u00e5ret men d\u00e5 satte en kr\u00e5nglande kn\u00e4 stopp f\u00f6r promenaden. Skam den som ger sig. Den 10 augusti klockan 13:00 startade trippen tillsammans med tv\u00e5 kompisar. Vi hade en plan som gick ut p\u00e5 att fixa [&hellip;]<\/p>\n","protected":false},"author":2,"featured_media":0,"comment_status":"open","ping_status":"open","sticky":false,"template":"","format":"standard","meta":{"_mi_skip_tracking":false,"ngg_post_thumbnail":0},"categories":[5],"tags":[],"_links":{"self":[{"href":"http:\/\/www.moharen.se\/index.php?rest_route=\/wp\/v2\/posts\/1149"}],"collection":[{"href":"http:\/\/www.moharen.se\/index.php?rest_route=\/wp\/v2\/posts"}],"about":[{"href":"http:\/\/www.moharen.se\/index.php?rest_route=\/wp\/v2\/types\/post"}],"author":[{"embeddable":true,"href":"http:\/\/www.moharen.se\/index.php?rest_route=\/wp\/v2\/users\/2"}],"replies":[{"embeddable":true,"href":"http:\/\/www.moharen.se\/index.php?rest_route=%2Fwp%2Fv2%2Fcomments&post=1149"}],"version-history":[{"count":4,"href":"http:\/\/www.moharen.se\/index.php?rest_route=\/wp\/v2\/posts\/1149\/revisions"}],"predecessor-version":[{"id":1165,"href":"http:\/\/www.moharen.se\/index.php?rest_route=\/wp\/v2\/posts\/1149\/revisions\/1165"}],"wp:attachment":[{"href":"http:\/\/www.moharen.se\/index.php?rest_route=%2Fwp%2Fv2%2Fmedia&parent=1149"}],"wp:term":[{"taxonomy":"category","embeddable":true,"href":"http:\/\/www.moharen.se\/index.php?rest_route=%2Fwp%2Fv2%2Fcategories&post=1149"},{"taxonomy":"post_tag","embeddable":true,"href":"http:\/\/www.moharen.se\/index.php?rest_route=%2Fwp%2Fv2%2Ftags&post=1149"}],"curies":[{"name":"wp","href":"https:\/\/api.w.org\/{rel}","templated":true}]}}